{"id":27675,"date":"2021-12-10T02:17:09","date_gmt":"2021-12-10T02:17:09","guid":{"rendered":"https:\/\/www.swdla.com\/architecte-paysagiste-concepteurtrice-de-jardins\/"},"modified":"2021-12-10T02:17:12","modified_gmt":"2021-12-10T02:17:12","slug":"architecte-paysagiste-concepteurtrice-de-jardins","status":"publish","type":"post","link":"https:\/\/www.swdla.com\/fr\/architecte-paysagiste-concepteurtrice-de-jardins\/","title":{"rendered":"Architecte paysagiste \/ Concepteur(trice) de jardins"},"content":{"rendered":"<p>[et_pb_section fb_built=&#8221;1&#8243; custom_padding_last_edited=&#8221;off|desktop&#8221; admin_label=&#8221;About Section&#8221; _builder_version=&#8221;4.13.0&#8243; module_alignment=&#8221;center&#8221; custom_padding=&#8221;23px||23px||true|false&#8221; custom_padding_tablet=&#8221;||120px|&#8221; global_colors_info=&#8221;{}&#8221;][et_pb_row column_structure=&#8221;1_4,3_4&#8243; _builder_version=&#8221;4.13.0&#8243; width=&#8221;95%&#8221; max_width=&#8221;1800px&#8221; custom_margin=&#8221;|auto|6px|auto||&#8221; custom_padding=&#8221;28px|0px|28px|0px|true|false&#8221; border_color_all=&#8221;rgba(0,0,0,0.12)&#8221; border_width_bottom=&#8221;2px&#8221; global_colors_info=&#8221;{}&#8221;][et_pb_column type=&#8221;1_4&#8243; _builder_version=&#8221;3.25&#8243; custom_padding=&#8221;|||&#8221; global_colors_info=&#8221;{}&#8221; custom_padding__hover=&#8221;|||&#8221;][et_pb_image src=&#8221;https:\/\/www.swdla.com\/wp-content\/uploads\/2021\/12\/SWDLA-Round-Logo.jpeg&#8221; title_text=&#8221;SWDLA-Round-Logo&#8221; _builder_version=&#8221;4.13.0&#8243; width=&#8221;61.7%&#8221; width_tablet=&#8221;25.6%&#8221; width_phone=&#8221;35.6%&#8221; width_last_edited=&#8221;on|phone&#8221; module_alignment=&#8221;right&#8221; module_alignment_tablet=&#8221;left&#8221; module_alignment_phone=&#8221;left&#8221; module_alignment_last_edited=&#8221;on|desktop&#8221; always_center_on_mobile=&#8221;off&#8221; global_colors_info=&#8221;{}&#8221;][\/et_pb_image][\/et_pb_column][et_pb_column type=&#8221;3_4&#8243; _builder_version=&#8221;3.25&#8243; custom_padding=&#8221;|||&#8221; global_colors_info=&#8221;{}&#8221; custom_padding__hover=&#8221;|||&#8221;][et_pb_text _builder_version=&#8221;4.13.0&#8243; _module_preset=&#8221;default&#8221; text_font=&#8221;||||||||&#8221; text_text_color=&#8221;#000000&#8243; header_3_font=&#8221;|700|||||||&#8221; header_3_font_size=&#8221;16px&#8221; width=&#8221;83%&#8221; text_text_color_tablet=&#8221;#000000&#8243; text_text_color_phone=&#8221;#000000&#8243; text_text_color_last_edited=&#8221;on|desktop&#8221; global_colors_info=&#8221;{}&#8221; text_text_color__hover_enabled=&#8221;on|desktop&#8221; text_text_color__hover=&#8221;#000000&#8243;]<\/p>\n<p style=\"text-align: left; color: black;\">StuartWebsterDesign est une entreprise \u00e0 \u00e9chelle humaine, une \u00e9quipe collaborative qui favorise le partage et le respect et qui mise sur les connaissances et les forces de chacun pour mener \u00e0 bien ses projets. Nos nouveaux bureaux, situ\u00e9s pr\u00e8s du canal Lachine, offrent un environnement de travail dynamique et inspirant. Notre espace de cr\u00e9ation ouvert et lumineux est pr\u00eat \u00e0 accueillir de nouveaux collaborateurs.<\/p>\n<p style=\"text-align: left; color: black;\">StuartWebsterDesign allie inspiration et design avec les splendeurs de la nature afin de cr\u00e9er des espaces de vie ext\u00e9rieurs uniques, intemporels et durables en parfaite harmonie avec la vision, la personnalit\u00e9 et le style de vie de chacun de nos clients.<\/p>\n<p style=\"text-align: left; color: black;\">Depuis 25 ans, notre \u00e9quipe est compos\u00e9e de professionnels cr\u00e9atifs qui jouit d\u2019une exp\u00e9rience toujours croissante et solidement enracin\u00e9e dans l\u2019excellence. Forts d\u2019un bagage de connaissances sp\u00e9cialis\u00e9es acquises ici et \u00e0 l\u2019\u00e9tranger, nous avons peaufin\u00e9 notre savoir-faire tant en mati\u00e8re de conception qu\u2019en r\u00e9alisation d\u2019am\u00e9nagements paysagers et de jardins r\u00e9sidentiels. R\u00e9cipiendaire de nombreux prix, dont le Prix Milan-Havlin \u00e0 quelques reprises, notre firme b\u00e9n\u00e9ficie d\u2019une belle r\u00e9putation acquise, au fil des ann\u00e9es, gr\u00e2ce \u00e0 nos designs soign\u00e9s, sobres et originaux. Au-del\u00e0 de tous ces honneurs, l\u2019essentiel pour nous demeure de partager, avec notre \u00e9quipe, le plaisir d\u2019offrir \u00e0 nos clients le jardin de leurs r\u00eaves.<\/p>\n<p style=\"text-align: left; color: black;\">Nous sommes \u00e0 la recherche d\u2019un(e) candidat(e) pour mieux r\u00e9pondre \u00e0 notre client\u00e8le et \u00e0 la demande sans cesse grandissante. Le poste offert est le suivant :<\/p>\n<p>[\/et_pb_text][et_pb_text _builder_version=&#8221;4.13.0&#8243; _module_preset=&#8221;default&#8221; text_font=&#8221;||||||||&#8221; text_text_color=&#8221;#000000&#8243; header_3_font=&#8221;|700|||||||&#8221; header_3_font_size=&#8221;16px&#8221; width=&#8221;83%&#8221; text_text_color_tablet=&#8221;#000000&#8243; text_text_color_phone=&#8221;#000000&#8243; text_text_color_last_edited=&#8221;on|desktop&#8221; global_colors_info=&#8221;{}&#8221; text_text_color__hover_enabled=&#8221;on|desktop&#8221; text_text_color__hover=&#8221;#000000&#8243;]<\/p>\n<p style=\"text-align: left; color: black;\"><span style=\"color: #333333; font-family: Montserrat, Helvetica, Arial, Lucida, sans-serif; font-size: 16px; font-weight: bold;\">Architecte paysagiste \/ Concepteur(trice) de jardins<\/span><\/p>\n<p>[\/et_pb_text][\/et_pb_column][\/et_pb_row][et_pb_row column_structure=&#8221;1_4,3_4&#8243; _builder_version=&#8221;3.25&#8243; width=&#8221;95%&#8221; max_width=&#8221;1800px&#8221; custom_margin=&#8221;||50px|&#8221; custom_padding=&#8221;27px|0px|27px|0px|true|false&#8221; border_color_all=&#8221;rgba(0,0,0,0.12)&#8221; border_width_bottom=&#8221;2px&#8221; global_colors_info=&#8221;{}&#8221;][et_pb_column type=&#8221;1_4&#8243; _builder_version=&#8221;3.25&#8243; custom_padding=&#8221;|||&#8221; global_colors_info=&#8221;{}&#8221; custom_padding__hover=&#8221;|||&#8221;][\/et_pb_column][et_pb_column type=&#8221;3_4&#8243; _builder_version=&#8221;3.25&#8243; custom_padding=&#8221;|||&#8221; global_colors_info=&#8221;{}&#8221; custom_padding__hover=&#8221;|||&#8221;][et_pb_text _builder_version=&#8221;4.13.0&#8243; text_font=&#8221;||||||||&#8221; text_text_color=&#8221;#000000&#8243; header_3_font=&#8221;|700|||||||&#8221; header_3_text_color=&#8221;#000000&#8243; header_3_font_size=&#8221;16px&#8221; header_4_font=&#8221;|700|||||||&#8221; header_4_text_align=&#8221;left&#8221; header_4_text_color=&#8221;#000000&#8243; width=&#8221;83%&#8221; custom_padding=&#8221;||0px|||&#8221; text_text_color_tablet=&#8221;#000000&#8243; text_text_color_phone=&#8221;#000000&#8243; text_text_color_last_edited=&#8221;on|desktop&#8221; global_colors_info=&#8221;{}&#8221; text_text_color__hover=&#8221;#000000&#8243; text_text_color__hover_enabled=&#8221;on|desktop&#8221;]<\/p>\n<h4>Description du poste :<\/h4>\n<p style=\"text-align: left; color: black;\">Nous recherchons un professionnel passionn\u00e9, cr\u00e9atif et rigoureux qui travaille efficacement en \u00e9quipe et qui sait faire preuve d\u2019autonomie et d\u2019initiative.<\/p>\n<p style=\"text-align: left; color: black;\">Le poste demande de l\u2019exp\u00e9rience en cueillette de donn\u00e9es et analyse d\u2019un site, en conception et pr\u00e9paration de documents de pr\u00e9sentation, en dessins d\u2019ex\u00e9cution et d\u00e9tails de construction pour fins de r\u00e9alisation par nos \u00e9quipes de construction. Une collaboration \u00e9troite avec le charg\u00e9 de projet du chantier et l\u2019estimateur ainsi que des visites de chantiers p\u00e9riodiques pour assurer un contr\u00f4le de la qualit\u00e9 seront demand\u00e9es.<\/p>\n<p>[\/et_pb_text][et_pb_text _builder_version=&#8221;4.13.0&#8243; text_font=&#8221;||||||||&#8221; text_text_color=&#8221;#000000&#8243; header_3_font=&#8221;|700|||||||&#8221; header_3_text_color=&#8221;#000000&#8243; header_3_font_size=&#8221;16px&#8221; header_4_font=&#8221;|700|||||||&#8221; header_4_text_align=&#8221;left&#8221; header_4_text_color=&#8221;#000000&#8243; width=&#8221;83%&#8221; text_text_color_tablet=&#8221;#000000&#8243; text_text_color_phone=&#8221;#000000&#8243; text_text_color_last_edited=&#8221;on|desktop&#8221; global_colors_info=&#8221;{}&#8221; text_text_color__hover=&#8221;#000000&#8243; text_text_color__hover_enabled=&#8221;on|desktop&#8221;]<\/p>\n<h4>Comp\u00e9tences et qualit\u00e9s recherch\u00e9es :<\/h4>\n<ul>\n<li style=\"text-align: left;\">Ma\u00eetrise et\/ou Bac en architecture du paysage (ou autres formations \u00e9quivalentes);<\/li>\n<li style=\"text-align: left;\">Minimum (3) ann\u00e9es d\u2019exp\u00e9rience \u00e0 titre d\u2019architecte paysagiste;<\/li>\n<li style=\"text-align: left;\">Exp\u00e9rience dans la conception de jardins r\u00e9sidentiels;<\/li>\n<li style=\"text-align: left;\">Bonne connaissance des v\u00e9g\u00e9taux et des mat\u00e9riaux de construction ainsi que des standards de conception et de construction;<\/li>\n<li style=\"text-align: left;\">Ma\u00eetrise de l\u2019utilisation des logiciels AutoCAD, Photoshop, Sketch up;<\/li>\n<li style=\"text-align: left;\">Bilinguisme (fran\u00e7ais et anglais);<\/li>\n<li style=\"text-align: left;\">Permis de conduire valide (un atout).<\/li>\n<\/ul>\n<h4>Conditions d&#8217;emploi :<\/h4>\n<ul>\n<li>Poste \u00e0 temps plein, horaire flexible;<\/li>\n<li>Le salaire sera \u00e9tabli en fonction de l\u2019exp\u00e9rience du (de la) candidat(e);<\/li>\n<li>Cong\u00e9s sant\u00e9, cotisation professionnelle pay\u00e9e (AAPQ), stationnement gratuit;<\/li>\n<li>Pour embauche \u00e0 la mi-janvier.<\/li>\n<\/ul>\n<p>[\/et_pb_text][et_pb_text _builder_version=&#8221;4.13.0&#8243; text_font=&#8221;||||||||&#8221; text_text_color=&#8221;#000000&#8243; link_text_color=&#8221;#0C71C3&#8243; header_3_font=&#8221;|700|||||||&#8221; header_3_text_color=&#8221;#000000&#8243; header_3_font_size=&#8221;16px&#8221; header_4_font=&#8221;|700|||||||&#8221; header_4_text_align=&#8221;left&#8221; header_4_text_color=&#8221;#000000&#8243; width=&#8221;83%&#8221; custom_padding=&#8221;||0px|||&#8221; text_text_color_tablet=&#8221;#000000&#8243; text_text_color_phone=&#8221;#000000&#8243; text_text_color_last_edited=&#8221;on|desktop&#8221; global_colors_info=&#8221;{}&#8221; text_text_color__hover=&#8221;#000000&#8243; text_text_color__hover_enabled=&#8221;on|desktop&#8221;]<\/p>\n<h4>Description du poste :<\/h4>\n<p style=\"text-align: left;\"><span style=\"color: #000000;\">Veuillez nous envoyer votre CV &amp; portfolio par courriel \u00e0 l\u2019attention de :<\/span><\/p>\n<p style=\"text-align: left;\"><span style=\"color: #000000;\"><strong>Annie Robinson<\/strong>, Directrice du d\u00e9partement de design <a href=\"mailto:annie@swdla.com\">annie@swdla.com<\/a><\/span><\/p>\n<p style=\"text-align: left;\"><span style=\"color: #000000;\">5794 place Turcot, bureau 200, Montr\u00e9al (Qu\u00e9bec) H4C 1W3 |\u00a0 <\/span><span style=\"color: #000000;\">T\u00e9l: 514.876.0178<br \/>Site web : <a href=\"https:\/\/www.swdla.com\/fr\/\">www.swdla.com<\/a><\/span><\/p>\n<p>[\/et_pb_text][\/et_pb_column][\/et_pb_row][\/et_pb_section]<\/p>\n","protected":false},"excerpt":{"rendered":"<p>StuartWebsterDesign est une entreprise \u00e0 \u00e9chelle humaine, une \u00e9quipe collaborative qui favorise le partage et le respect et qui mise sur les connaissances et les forces de chacun pour mener \u00e0 bien ses projets. Nos nouveaux bureaux, situ\u00e9s pr\u00e8s du canal Lachine, offrent un environnement de travail dynamique et inspirant. Notre espace de cr\u00e9ation ouvert [&hellip;]<\/p>\n","protected":false},"author":1,"featured_media":0,"comment_status":"closed","ping_status":"open","sticky":false,"template":"","format":"standard","meta":{"_et_pb_use_builder":"on","_et_pb_old_content":"","_et_gb_content_width":"","footnotes":""},"categories":[80],"tags":[],"class_list":["post-27675","post","type-post","status-publish","format-standard","hentry","category-offres-demploi-actuelles"],"_links":{"self":[{"href":"https:\/\/www.swdla.com\/fr\/wp-json\/wp\/v2\/posts\/27675","targetHints":{"allow":["GET"]}}],"collection":[{"href":"https:\/\/www.swdla.com\/fr\/wp-json\/wp\/v2\/posts"}],"about":[{"href":"https:\/\/www.swdla.com\/fr\/wp-json\/wp\/v2\/types\/post"}],"author":[{"embeddable":true,"href":"https:\/\/www.swdla.com\/fr\/wp-json\/wp\/v2\/users\/1"}],"replies":[{"embeddable":true,"href":"https:\/\/www.swdla.com\/fr\/wp-json\/wp\/v2\/comments?post=27675"}],"version-history":[{"count":2,"href":"https:\/\/www.swdla.com\/fr\/wp-json\/wp\/v2\/posts\/27675\/revisions"}],"predecessor-version":[{"id":27677,"href":"https:\/\/www.swdla.com\/fr\/wp-json\/wp\/v2\/posts\/27675\/revisions\/27677"}],"wp:attachment":[{"href":"https:\/\/www.swdla.com\/fr\/wp-json\/wp\/v2\/media?parent=27675"}],"wp:term":[{"taxonomy":"category","embeddable":true,"href":"https:\/\/www.swdla.com\/fr\/wp-json\/wp\/v2\/categories?post=27675"},{"taxonomy":"post_tag","embeddable":true,"href":"https:\/\/www.swdla.com\/fr\/wp-json\/wp\/v2\/tags?post=27675"}],"curies":[{"name":"wp","href":"https:\/\/api.w.org\/{rel}","templated":true}]}}